{"id":4119,"date":"2020-09-22T09:18:43","date_gmt":"2020-09-22T07:18:43","guid":{"rendered":"https:\/\/www.textmaster.com\/blog\/?p=4119"},"modified":"2020-09-22T10:06:15","modified_gmt":"2020-09-22T08:06:15","slug":"covid-19-et-business-quels-impacts-sur-les-entreprises","status":"publish","type":"post","link":"https:\/\/fr.textmaster.com\/blog\/covid-19-et-business-quels-impacts-sur-les-entreprises\/","title":{"rendered":"Covid-19 et business : quels impacts sur les entreprises ?"},"content":{"rendered":"<p>Nous ne vous apprendrons rien en disant que <strong>le monde traverse une crise<\/strong> tr\u00e8s particuli\u00e8re depuis quelques temps. Suite \u00e0 l\u2019apparition du nouveau coronavirus, appel\u00e9 Covid-19, de nombreux march\u00e9s et industries connaissent des difficult\u00e9s, et les entreprises sont forc\u00e9es de <strong>r\u00e9duire leurs activit\u00e9s<\/strong>. Pourtant, ce n&rsquo;est pas le moment de tout abandonner !<\/p>\n<p>Tandis que certains commencent \u00e0 retourner au bureau et affrontent de nouveau les transports en commun, d&rsquo;autres poursuivent leur exp\u00e9rience du <strong>t\u00e9l\u00e9travail<\/strong>. Beaucoup se posent en tout cas la m\u00eame question : y aura-t-il un <strong>retour \u00e0 la normale pour l&rsquo;\u00e9conomie et le commerce,<\/strong> et quand ? Cette question reste encore sans r\u00e9ponse, mais une chose est s\u00fbre : nous devons tous d&rsquo;ores et d\u00e9j\u00e0 <strong>pr\u00e9parer ce retour<\/strong>.<\/p>\n<p>Certains pays ont <strong>rouvert progressivement leurs fronti\u00e8res<\/strong>, et de nombreux commerces refont enfin surface. Cependant, il est <strong>important de rester vigilants <\/strong>pour nous et pour les autres car la Covid-19 n&rsquo;est pas pr\u00e8s de s&rsquo;en aller. La <strong>situation in\u00e9dite<\/strong> dans laquelle nous vivons et travaillons tous depuis quelques mois ne va pas s&rsquo;arr\u00eater du jour au lendemain ; prenons donc garde, mais continuons de <strong>r\u00eaver ensemble \u00e0 des jours meilleurs<\/strong> !<\/p>\n<hr \/>\n<p><a href=\"https:\/\/fr.textmaster.com\/blog\/developpement-activite-ecommerce-international\/\"><strong>D\u00e9couvrez comment d\u00e9velopper votre activit\u00e9 e-commerce \u00e0 l\u2019international<\/strong><\/a><\/p>\n<hr \/>\n<h2><strong>Covid-19 : une crise bien particuli\u00e8re<\/strong><\/h2>\n<h3><strong>O\u00f9 en sommes-nous ?<\/strong><\/h3>\n<p>La pand\u00e9mie qui nous touche actuellement est au coeur de toutes les discussions depuis le d\u00e9but de l\u2019ann\u00e9e 2020. Cette crise sanitaire a impos\u00e9 aux gouvernements du monde entier des mesures drastiques pour prot\u00e9ger la sant\u00e9 des populations : confinement et gestes barri\u00e8re ont \u00e9t\u00e9 (ou sont encore) le lot de millions de personnes. Pourquoi ce ph\u00e9nom\u00e8ne mondial est-il si particulier ? Le monde a d\u00e9j\u00e0 fait face \u00e0 des crises <strong>sanitaires<\/strong>, <strong>financi\u00e8res, \u00e9conomiques ou encore immobili\u00e8res<\/strong>. Mais cette fois-ci, nous sommes en plein dans une crise sanitaire qui a elle-m\u00eame donn\u00e9 lieu \u00e0 une <strong>crise \u00e9conomique<\/strong>.<\/p>\n<p>Cette crise a une tr\u00e8s <strong>forte intensit\u00e9<\/strong> ; nous n\u2019avons pas fait face \u00e0 une perte d\u2019activit\u00e9 aussi rapide depuis la <strong>Seconde Guerre mondiale<\/strong>.<\/p>\n<p>Ce qui rend l&rsquo;apparition de la Covid-19 si sp\u00e9ciale est \u00e9galement le fait que ce virus ait cr\u00e9\u00e9 une <strong>incertitude de la population face \u00e0 la situation<\/strong>. \u00c0 l\u2019heure actuelle, nous sommes incapables de dire ce qui se passera dans les prochains mois ou m\u00eame semaines !<\/p>\n<h3><strong>Un impact \u00e9conomique important<\/strong><\/h3>\n<p>Selon une \u00e9tude de l<strong>\u2019INSEE<\/strong>, l\u2019activit\u00e9 \u00e9conomique fran\u00e7aise aurait <strong>recul\u00e9 de 20 % durant le confinement<\/strong>, et la <strong>perte d\u2019activit\u00e9 s\u2019\u00e9tablirait autour de 5 %<\/strong> durant le troisi\u00e8me trimestre. Difficile \u00e0 identifier pr\u00e9cis\u00e9ment, cette perte d\u2019activit\u00e9 li\u00e9e \u00e0 la pr\u00e9sence de la Covid-19 diff\u00e8re surtout selon les d\u00e9partements\/r\u00e9gions et selon les secteurs d\u2019activit\u00e9s.<\/p>\n<p>Si certaines branches de l\u2019\u00e9conomie parviennent \u00e0 garder la t\u00eate hors de l\u2019eau, ce n\u2019est pas le cas pour toutes. Les secteurs les plus touch\u00e9s sont ceux li\u00e9s aux loisirs et \u00e0 la socialisation : <strong>tourisme, culture, restauration<\/strong>\u2026 L\u2019\u00e9t\u00e9 2020, durant lequel de nombreux fran\u00e7ais ont choisi de voyager au sein du territoire national (et souvent m\u00e9tropolitain), aura contribu\u00e9 \u00e0 pallier l\u2019arr\u00eat quasi-complet de l\u2019activit\u00e9 dans ces secteurs. Mais certaines entreprises attendent d\u00e9sesp\u00e9r\u00e9ment la reprise, comme <strong>les bo\u00eetes de nuit, les grandes salles de concert ou encore les entreprises de l\u2019a\u00e9ronautique<\/strong>.<\/p>\n<p>Cette disparit\u00e9 s\u2019explique aussi par la nature des m\u00e9tiers exerc\u00e9s dans ces secteurs : certaines entreprises le pouvant, ont amorc\u00e9 d\u00e8s le d\u00e9but du confinement une transition num\u00e9rique abrupte, avec plus ou moins de pr\u00e9paration, de r\u00e9ticence, et de succ\u00e8s.<\/p>\n<p>Mais des millions de salari\u00e9s n\u2019ont pas pu participer \u00e0 la <strong>\u201cgrande r\u00e9volution du t\u00e9l\u00e9travail\u201d<\/strong> que l\u2019on a pu observer au cours du confinement (et que l\u2019on observe toujours).<\/p>\n<h2><strong>Les effets vertueux de la crise<\/strong><\/h2>\n<h3><strong>Le t\u00e9l\u00e9travail comme alternative\u2026 ou nouveau mod\u00e8le<\/strong><\/h3>\n<p>Petit rappel : avant la crise &#8211; et aussi avant les gr\u00e8ves de d\u00e9cembre &#8211; seuls <strong>7 % des salari\u00e9s fran\u00e7ais pratiquaient le t\u00e9l\u00e9travail<\/strong>. Ce sont les chiffres officiels fournis par le service statistique du <strong>minist\u00e8re du Travail<\/strong> dans un article de <strong>francetvinfo<\/strong>. Depuis l\u2019apparition de la Covid-19, <strong>20 \u00e0 40 % des fran\u00e7ais selon les sources ont d\u00e9couvert le travail \u00e0 la maison, <\/strong>dont une majorit\u00e9 en \u00cele-de-France, o\u00f9 l\u2019on trouve la plus grosse <strong>concentration de cadres<\/strong>. La plupart des cadres exercent en effet des m\u00e9tiers leur permettant de t\u00e9l\u00e9travailler. Cela a permis un <strong>maintien de l\u2019activit\u00e9<\/strong> ainsi qu\u2019un <strong>gisement de productivit\u00e9 salariale<\/strong> (li\u00e9 principalement \u00e0 la disparition du temps de transport) dans de nombreuses entreprises.<\/p>\n<p>Conf-calls, Skypero et webinars sont ainsi devenus la norme pour des millions de fran\u00e7ais.\u00a0 Avec l\u2019av\u00e8nement du <strong>t\u00e9l\u00e9travail<\/strong>, promu depuis longtemps notamment par des <em>freelances<\/em> et des entreprises de la tech, on a chang\u00e9 de paradigme : le bureau est toujours un endroit o\u00f9 les employ\u00e9s peuvent travailler, mais c\u2019en est simplement un parmi tant d\u2019autres. Bienvenue dans le <strong><em>Future of Work<\/em><\/strong> !<\/p>\n<p>De plus en plus de salari\u00e9s souhaitent aujourd\u2019hui exercer leur fonction o\u00f9 bon leur semble, adapter leurs horaires et leur emploi du temps pour un meilleur \u00e9quilibre entre vie priv\u00e9e et vie professionnelle, ceci en <strong>alternant entre bureau et t\u00e9l\u00e9travail<\/strong>.<\/p>\n<p>Du c\u00f4t\u00e9 des entreprises, permettre le t\u00e9l\u00e9travail est un v\u00e9ritable plus car les <strong>impacts positifs<\/strong> sont nombreux\u00a0:<\/p>\n<h4><strong>Aspect \u00e9conomique<\/strong><\/h4>\n<p>En permettant le t\u00e9l\u00e9travail (complet ou partiel), les entreprises peuvent opter pour des bureaux plus petits gr\u00e2ce au <em>flex office<\/em>, cette pratique qui consiste \u00e0 ne pas attribuer de bureau individuel aux salari\u00e9s, mais \u00e0 permettre \u00e0 chacun de travailler o\u00f9 il le souhaite au sein des locaux ou en dehors. Les entreprises r\u00e9duisent ainsi leurs <strong>co\u00fbts financiers li\u00e9s \u00e0 la gestion des locaux et du foncier<\/strong>.<\/p>\n<h4><strong>Aspect \u00e9cologique et environnemental<\/strong><\/h4>\n<p>Moins de salari\u00e9s qui se d\u00e9placent au bureau, c\u2019est moins de d\u00e9placements quotidiens, et donc moins d\u2019\u00e9missions de CO2.<\/p>\n<h4><strong>Aspect psychologique et humain<\/strong><\/h4>\n<p>Le t\u00e9l\u00e9travail offre de meilleures conditions de vie gr\u00e2ce \u00e0 l\u2019<strong>\u00e9quilibre pro\/perso<\/strong> et plus d\u2019<strong>attractivit\u00e9 <\/strong>aux entreprises, leur permettant ainsi d\u2019<strong>\u00e9largir le vivier de candidats<\/strong>. Le bien-\u00eatre des salari\u00e9s qui d\u00e9coule d\u2019une organisation plus flexible a \u00e9galement de nombreux b\u00e9n\u00e9fices : d\u2019apr\u00e8s une \u00e9tude men\u00e9e par Harvard et le MIT, les salari\u00e9s heureux sont <strong>31 % plus productifs<\/strong>, <strong>2 fois moins malades<\/strong>, <strong>6 fois moins absents<\/strong>, <strong>9 fois plus loyaux<\/strong> et <strong>55 % plus cr\u00e9atifs<\/strong>. Rien que \u00e7a !<\/p>\n<p>Par ailleurs, une \u00e9tude de Paris Workplace soulignait d\u00e9j\u00e0 en 2018 que plus le temps de commutation (d\u00e9placement domicile &#8211; bureau) des salari\u00e9s \u00e9tait long, moins ceux-ci restaient au bureau, moins ils cultivaient de relations avec leurs coll\u00e8gues, et moins ils se projetaient dans l\u2019entreprise.<\/p>\n<h4><strong>Aspect territorial<\/strong><\/h4>\n<p>La possibilit\u00e9 en hausse du t\u00e9l\u00e9travail depuis la Covid-19 peut avoir de grandes cons\u00e9quences \u00e0 moyen et long terme sur la <strong>redynamisation des r\u00e9gions et la redistribution de la population<\/strong> en France. Pouvoir travailler \u00e0 distance, ponctuellement ou totalement, peut inciter les salari\u00e9s \u00e0 choisir une autre vie. Combien avez-vous d\u2019amis parisiens qui souhaitent quitter la capitale pour la province depuis le confinement ? Vous en faites peut-\u00eatre vous-m\u00eame partie !<\/p>\n<blockquote><p><em>\u00ab\u00a0Chez <strong>TextMaster<\/strong> nous avons une population tr\u00e8s <strong>internationale et ouverte au t\u00e9l\u00e9travail<\/strong> et nous avions aussi tous les outils pour pouvoir travailler \u00e0 distance. Mais dans un contexte o\u00f9 le 100 % t\u00e9l\u00e9travail nous a \u00e9t\u00e9 impos\u00e9 d\u2019un seul coup, nous avons d\u00fb apprendre \u00e0 travailler diff\u00e9remment pour que le t\u00e9l\u00e9travail ne rime pas avec contrainte et d\u00e9sorganisation.\u00a0<\/em><\/p>\n<p><em>La priorit\u00e9 a \u00e9t\u00e9 de <strong>garantir la s\u00e9r\u00e9nit\u00e9 des employ\u00e9s et la qualit\u00e9 du travail<\/strong>. Une des cl\u00e9s de la r\u00e9ussite du travail \u00e0 distance est la <strong>confiance<\/strong> qui s\u2019instaure entre le manager, le salari\u00e9 et son \u00e9quipe. Fini le micro management, les salari\u00e9s ont gagn\u00e9 en <strong>autonomie<\/strong>, voire en <strong>productivit\u00e9<\/strong> car ils se sont sentis <strong>responsabilis\u00e9s<\/strong> et ont <strong>am\u00e9lior\u00e9 la gestion de leur temps<\/strong>.<\/em><\/p>\n<p><em><strong>Les outils et habitudes de communication<\/strong> ont \u00e9t\u00e9 les autres cl\u00e9s de r\u00e9ussite du t\u00e9l\u00e9travail chez TextMaster. On a fait attention \u00e0 ne pas basculer dans le 100 % email, en continuant \u00e0 privil\u00e9gier le contact direct par <strong>t\u00e9l\u00e9phone ou visio-conf\u00e9rence<\/strong>. Nos managers ont besoin de percevoir <strong>l\u2019\u00e9tat \u00e9motionnel et de motivation<\/strong> de leurs \u00e9quipes et \u00e0 l\u2019inverse le langage non-verbal du manager livre des signaux dont le collaborateur \u00e0 distance a besoin : encouragement, complicit\u00e9, enthousiasme etc\u2026 Ils ont d\u00fb \u00eatre particuli\u00e8rement attentifs \u00e0 garder un fort lien avec leurs collaborateurs afin d\u2019\u00e9viter tout <strong>sentiment d\u2019isolement<\/strong> : \u00eatre \u00e0 l\u2019\u00e9coute, accuser r\u00e9ception de ses messages, \u00eatre disponible, donner des feed-back, favoriser les r\u00e9unions en \u00e9quipe\u2026<\/em><\/p>\n<p><em>Nos r\u00e9unions d\u2019\u00e9quipes hebdomadaires nous ont permis de garder cette <strong>dynamique de groupe<\/strong>. Mais maintenant que le t\u00e9l\u00e9travail n\u2019est plus \u00e0 100 %, on essaye d\u2019organiser ces r\u00e9unions le jour o\u00f9 toute l\u2019\u00e9quipe est pr\u00e9sente dans les locaux. Partager un caf\u00e9 le matin avec son \u00e9quipe, d\u00e9jeuner avec ses collaborateurs, c\u00e9l\u00e9brer un anniversaire sont autant<strong> d&rsquo;opportunit\u00e9s<\/strong> d\u2019\u00e9changes informels que l\u2019on doit s\u2019efforcer de susciter les jours non-t\u00e9l\u00e9travaill\u00e9s pour favoriser la coh\u00e9sion de l\u2019\u00e9quipe.\u00a0\u00bb<\/em><\/p>\n<p>Geoffroy de Panafieu, CEO de TextMaster<\/p><\/blockquote>\n<p>Le t\u00e9l\u00e9travail a sans conteste \u00e9t\u00e9 le grand gagnant de la crise sanitaire. C\u2019est un nouveau mod\u00e8le, et ce n\u2019est pas le seul : en pleine croissance depuis de nombreuses ann\u00e9es, l\u2019e-commerce s\u2019est lui aussi impos\u00e9 comme un mod\u00e8le de consommation.<\/p>\n<h2><strong>L\u2019e-commerce a le vent en poupe<\/strong><\/h2>\n<p>D&rsquo;apr\u00e8s un article du Monde, <strong>9,8 % des achats de produits alimentaires et de grandes consommations<\/strong> ont \u00e9t\u00e9 effectu\u00e9s via <strong>internet<\/strong> suite \u00e0 l&rsquo;apparition de la Covid-19 durant le confinement. C&rsquo;est environ <strong>4 % de plus qu&rsquo;en 2019<\/strong>. Les enseignes d\u2019hypermarch\u00e9s d\u00e9veloppent leur <strong>strat\u00e9gie omnicanale<\/strong> gr\u00e2ce au <strong>drive alimentaire<\/strong>. Bien que cette m\u00e9thode ait d\u00e9j\u00e0 fait ses preuves ces derni\u00e8res ann\u00e9es, son d\u00e9veloppement s\u2019est vite acc\u00e9l\u00e9r\u00e9 pendant la crise. Selon une \u00e9tude Data Solutions, le drive a observ\u00e9 une <strong>hausse de 75 % de son activit\u00e9&#8230; <\/strong>et ce n\u2019est sans doute que le d\u00e9but.<\/p>\n<p>La deuxi\u00e8me phase du confinement a vu les foyers s\u2019\u00e9quiper de multiples <strong>accessoires technologiques<\/strong> n\u00e9cessaires \u00e0 l\u2019efficacit\u00e9 du travail \u00e0 la maison : \u00e9crans, casques, ordinateurs\u2026 Puis est venu le <strong>temps du loisir et du bien-\u00eatre<\/strong>, et l\u2019on a alors assist\u00e9 \u00e0 l\u2019explosion de certaines industries :<\/p>\n<ul>\n<li>Ustensiles de cuisine : nous avons tous un voisin devenu un v\u00e9ritable chef gr\u00e2ce \u00e0 Cyril Lignac !<\/li>\n<li>Accessoires de sport : qui n\u2019a pas subi la pression des cours de yoga en ligne ?<\/li>\n<li>D\u00e9coration, jardinage et DYI : votre meilleure amie s\u2019est certainement prise pour Val\u00e9rie Damidot pendant quelques semaines.<\/li>\n<li>Et bien d\u2019autres.<strong style=\"text-align: justify;\">\u00a0<\/strong><\/li>\n<\/ul>\n<h2><\/h2>\n<h2><strong>Et apr\u00e8s ?\u00a0<\/strong><\/h2>\n<p>Ce que nous pouvons affirmer aujourd\u2019hui, c\u2019est que l&rsquo;arriv\u00e9e de la Covid-19 aura fait <strong>\u00e9merger certains secteurs d\u2019activit\u00e9<\/strong> et qu\u2019elle aura \u00e9galement engendr\u00e9 une <strong>acc\u00e9l\u00e9ration de la digitalisation. <\/strong>Pouvons-nous nous attendre \u00e0 une vraie dynamique de reprise au sein des entreprises ? Quelles seront les cons\u00e9quences \u00e0 long terme sur les secteurs les plus touch\u00e9s ?<\/p>\n<p>Cette rentr\u00e9e nous apportera quelques \u00e9l\u00e9ments de r\u00e9ponse, mais une chose est s\u00fbre : pour survivre, les entreprises doivent faire preuve d\u2019une grande <strong>capacit\u00e9 d\u2019adaptation<\/strong> et continuer \u00e0 <strong>innover<\/strong> !<\/p>\n<p>&nbsp;<\/p>\n<p><!--HubSpot Call-to-Action Code --><span id=\"hs-cta-wrapper-092f8a27-65b8-488c-8f53-d8a7cdfb81df\" class=\"hs-cta-wrapper\"><span id=\"hs-cta-092f8a27-65b8-488c-8f53-d8a7cdfb81df\" class=\"hs-cta-node hs-cta-092f8a27-65b8-488c-8f53-d8a7cdfb81df\"><!-- [if lte IE 8]>\n\n\n<div id=\"hs-cta-ie-element\"><\/div>\n\n\n<![endif]--><a href=\"https:\/\/cta-redirect.hubspot.com\/cta\/redirect\/2680086\/092f8a27-65b8-488c-8f53-d8a7cdfb81df\" target=\"_blank\" rel=\"noopener noreferrer\"><img loading=\"lazy\" decoding=\"async\" id=\"hs-cta-img-092f8a27-65b8-488c-8f53-d8a7cdfb81df\" class=\"hs-cta-img\" style=\"border-width: 0px;\" src=\"https:\/\/no-cache.hubspot.com\/cta\/default\/2680086\/092f8a27-65b8-488c-8f53-d8a7cdfb81df.png\" alt=\"Comment Petit Bateau a centralis\u00e9 sa gestion des traductions avec TextMaster\" width=\"750\" height=\"200\" \/><\/a><\/span><script charset=\"utf-8\" src=\"https:\/\/js.hscta.net\/cta\/current.js\"><\/script><script type=\"text\/javascript\"> hbspt.cta.load(2680086, '092f8a27-65b8-488c-8f53-d8a7cdfb81df', {}); <\/script><\/span><!-- end HubSpot Call-to-Action Code --><\/p>\n","protected":false},"excerpt":{"rendered":"<p>Nous ne vous apprendrons rien en disant que <strong>le monde traverse une crise<\/strong> tr\u00e8s particuli\u00e8re depuis quelques temps. Suite \u00e0 l\u2019apparition du nouveau coronavirus, appel\u00e9 Covid-19, de nombreux march\u00e9s et industries connaissent des difficult\u00e9s, et les entreprises sont forc\u00e9es de <strong>r\u00e9duire leurs activit\u00e9s<\/strong>. Pourtant, ce n&rsquo;est pas le moment de tout abandonner !<\/p>\n<p>Tandis que certains commencent \u00e0 retourner au bureau et affrontent de nouveau les transports en commun, d&rsquo;autres poursuivent leur exp\u00e9rience du <strong>t\u00e9l\u00e9travail<\/strong>. Beaucoup se posent en tout cas [&#8230;]<\/p>\n","protected":false},"author":22,"featured_media":4129,"comment_status":"open","ping_status":"open","sticky":false,"template":"","format":"standard","meta":{"footnotes":""},"categories":[13,8],"tags":[],"_links":{"self":[{"href":"https:\/\/fr.textmaster.com\/blog\/wp-json\/wp\/v2\/posts\/4119"}],"collection":[{"href":"https:\/\/fr.textmaster.com\/blog\/wp-json\/wp\/v2\/posts"}],"about":[{"href":"https:\/\/fr.textmaster.com\/blog\/wp-json\/wp\/v2\/types\/post"}],"author":[{"embeddable":true,"href":"https:\/\/fr.textmaster.com\/blog\/wp-json\/wp\/v2\/users\/22"}],"replies":[{"embeddable":true,"href":"https:\/\/fr.textmaster.com\/blog\/wp-json\/wp\/v2\/comments?post=4119"}],"version-history":[{"count":9,"href":"https:\/\/fr.textmaster.com\/blog\/wp-json\/wp\/v2\/posts\/4119\/revisions"}],"predecessor-version":[{"id":4140,"href":"https:\/\/fr.textmaster.com\/blog\/wp-json\/wp\/v2\/posts\/4119\/revisions\/4140"}],"wp:featuredmedia":[{"embeddable":true,"href":"https:\/\/fr.textmaster.com\/blog\/wp-json\/wp\/v2\/media\/4129"}],"wp:attachment":[{"href":"https:\/\/fr.textmaster.com\/blog\/wp-json\/wp\/v2\/media?parent=4119"}],"wp:term":[{"taxonomy":"category","embeddable":true,"href":"https:\/\/fr.textmaster.com\/blog\/wp-json\/wp\/v2\/categories?post=4119"},{"taxonomy":"post_tag","embeddable":true,"href":"https:\/\/fr.textmaster.com\/blog\/wp-json\/wp\/v2\/tags?post=4119"}],"curies":[{"name":"wp","href":"https:\/\/api.w.org\/{rel}","templated":true}]}}