{"id":3871,"date":"2020-02-27T18:26:32","date_gmt":"2020-02-27T17:26:32","guid":{"rendered":"https:\/\/www.textmaster.com\/blog\/?p=3871"},"modified":"2020-02-28T11:31:34","modified_gmt":"2020-02-28T10:31:34","slug":"succes-french-tech-linternational","status":"publish","type":"post","link":"https:\/\/fr.textmaster.com\/blog\/succes-french-tech-linternational\/","title":{"rendered":"Les succ\u00e8s de la French Tech \u00e0 l&rsquo;international"},"content":{"rendered":"<p><span style=\"font-weight: 400;\">La French Tech, c\u2019est <\/span><b>l\u2019\u00e9cosyst\u00e8me des startups fran\u00e7aises<\/b><span style=\"font-weight: 400;\"> port\u00e9e par le <\/span><b>Minist\u00e8re de l\u2019\u00c9conomie<\/b><span style=\"font-weight: 400;\">. Elle d\u00e9signe toutes les startups fran\u00e7aises et celles et ceux qui y travaillent, que ce soit en France ou \u00e0 l\u2019\u00e9tranger. On y retrouve ainsi <\/span><b>des entrepreneurs, <\/b><span style=\"font-weight: 400;\">mais \u00e9galement<\/span><b> des investisseurs, d\u00e9veloppeurs, associations, ing\u00e9nieurs, instituts de recherche<\/b><span style=\"font-weight: 400;\">\u2026 dont le but est de <\/span><b>s\u2019engager pour la croissance<\/b><span style=\"font-weight: 400;\"> des startups mais aussi de les aider \u00e0 se <\/span><b>d\u00e9velopper \u00e0 l\u2019international<\/b><span style=\"font-weight: 400;\">.<\/span><\/p>\n<p><span style=\"font-weight: 400;\">L\u2019objectif de la French Tech ? Faire de la France l\u2019<\/span><b>un des pays les plus attractifs pour les startups<\/b><span style=\"font-weight: 400;\"> voulant se lancer, se d\u00e9velopper et s\u2019<\/span><b>internationaliser<\/b><span style=\"font-weight: 400;\">. \u00c0 l\u2019occasion du r\u00e9cent lancement du programme \u00ab French Tech 120 \u00bb et de l\u2019annonce des entreprises membres de la 1re promotion, nous souhaitions vous partager quelques <\/span><b>belles r\u00e9ussites de la French Tech \u00e0 l\u2019international.<\/b><\/p>\n<p><span style=\"font-weight: 400;\">________________________________________________________________________<\/span><\/p>\n<p><a href=\"https:\/\/fr.textmaster.com\/blog\/internationalisation-a-z-ebook\/\"><b>D\u00e9couvrez 52 termes essentiels dans le cadre d\u2019une internationalisation<\/b><\/a><\/p>\n<p><span style=\"font-weight: 400;\">________________________________________________________________________<\/span><\/p>\n<h2><b>Le top des startups de la French Tech<\/b><\/h2>\n<h3><b>Le Next40<\/b><\/h3>\n<p><span style=\"font-weight: 400;\">Si le \u00ab Next40 \u00bb vous rappelle un certain \u00ab Cac40 \u00bb, c\u2019est normal : le Next40 est une s\u00e9lection annuelle qui regroupe les <\/span><b>40 startups fran\u00e7aises les plus prometteuses,<\/b><span style=\"font-weight: 400;\"> dont le potentiel est assez fort pour devenir un <\/span><b>leader technologique de rang mondial.<\/b><span style=\"font-weight: 400;\"> Le Next40 est un <\/span><b>levier<\/b><span style=\"font-weight: 400;\"> qui donne aux startups <\/span><b>la visibilit\u00e9 \u00e0 l\u2019international<\/b><span style=\"font-weight: 400;\"> dont elles ont besoin pour <\/span><b>leur permettre de se d\u00e9velopper<\/b><span style=\"font-weight: 400;\"> plus rapidement. Les 40 startups laur\u00e9ates sont s\u00e9lectionn\u00e9es en fonction de crit\u00e8res de <\/span><b>performance \u00e9conomique<\/b><span style=\"font-weight: 400;\">.<\/span><\/p>\n<h3><b>Le French Tech 120<\/b><\/h3>\n<p><span style=\"font-weight: 400;\">Sur le m\u00eame principe que le Next40, le French Tech 120 est un programme dont l\u2019objectif est de <\/span><b>faire b\u00e9n\u00e9ficier les startups fran\u00e7aises les plus innovantes d\u2019un accompagnement <\/b><span style=\"font-weight: 400;\">dont l\u2019ampleur est assez in\u00e9dite. Ce sont donc <\/span><b>80 startups \u00e0 fort potentiel suppl\u00e9mentaires qui rejoignent les 40 startups laur\u00e9ates du Next40<\/b><span style=\"font-weight: 400;\">.<\/span><\/p>\n<p><span style=\"font-weight: 400;\">D\u00e9couvrez les exp\u00e9riences de Meero et iAdvize, 2 startups membres du programme, qui pourront vous aider dans votre conqu\u00eate de l\u2019international !<\/span><\/p>\n<h2><b>Startups fran\u00e7aises : le chemin vers l\u2019international<\/b><\/h2>\n<h3><b>Meero : la licorne fran\u00e7aise qui r\u00e9volutionne la photographie gr\u00e2ce \u00e0 l\u2019IA<\/b><\/h3>\n<p><span style=\"font-weight: 400;\">Vous avez forc\u00e9ment entendu parler de <\/span><b><a href=\"https:\/\/www.meero.com\/fr\/?locale=fr\">Meero<\/a>, <\/b><span style=\"font-weight: 400;\">cette jeune pousse qui a lev\u00e9 230 millions de dollars l\u2019\u00e9t\u00e9 dernier, devenant ainsi membre du club tr\u00e8s priv\u00e9 des<\/span><b> licornes fran\u00e7aises<\/b><b>. <\/b><span style=\"font-weight: 400;\">Cr\u00e9\u00e9 en 2016 par Thomas Rebaud, la startup s\u2019est rapidement lanc\u00e9e sur de nombreux march\u00e9s internationaux depuis la France. Apr\u00e8s avoir atteinte un certain volume d\u2019affaires, l\u2019entreprise a <\/span><b>recrut\u00e9 800 personnes<\/b><span style=\"font-weight: 400;\"> et <\/span><b>ouvert 7 bureaux \u00e0 travers le monde<\/b><span style=\"font-weight: 400;\">, tous chapeaut\u00e9s par des <\/span><b>Country Managers<\/b><span style=\"font-weight: 400;\"> : Paris, New York, Tokyo, Bangalore, Singapour, Los Angeles et Barcelone. Comme nous l\u2019a confi\u00e9 <\/span><b>Adeline Anfray, Communication Manager<\/b><span style=\"font-weight: 400;\">, \u00ab <\/span><i><span style=\"font-weight: 400;\">ces lieux n\u2019ont pas \u00e9t\u00e9 choisis par hasard, mais plut\u00f4t en fonction des opportunit\u00e9s commerciales et de la maturit\u00e9 du march\u00e9<\/span><\/i><span style=\"font-weight: 400;\"> \u00bb. Aujourd\u2019hui, Meero est pr\u00e9sente dans plus de <\/span><b>100 pays<\/b><span style=\"font-weight: 400;\">.<\/span><\/p>\n<p><span style=\"font-weight: 400;\">En juin 2019, <\/span><b>Meero<\/b><span style=\"font-weight: 400;\"> a donc annonc\u00e9 une s\u00e9rie C de 230 millions de dollars. Cette somme est investie\u00a0<\/span><\/p>\n<ul>\n<li style=\"font-weight: 400;\"><span style=\"font-weight: 400;\">Dans <\/span><b>l\u2019expansion \u00e0 l\u2019international<\/b><\/li>\n<li style=\"font-weight: 400;\"><span style=\"font-weight: 400;\">Dans la <\/span><b>recherche et d\u00e9veloppement<\/b><span style=\"font-weight: 400;\"> et notamment le d\u00e9veloppement de leurs <\/span><b>technologies d\u2019IA <\/b><span style=\"font-weight: 400;\">d&rsquo;automatisation de la retouche de larges volumes d\u2019images<\/span><\/li>\n<li style=\"font-weight: 400;\"><span style=\"font-weight: 400;\">Et dans toute une s\u00e9rie d\u2019actions qui s\u2019inscrivent dans une d\u00e9marche globale de soutien, d\u2019\u00e9ducation et de rassemblement d\u2019une communaut\u00e9 mondiale de professionnels de l\u2019image.<\/span><\/li>\n<\/ul>\n<p><span style=\"font-weight: 400;\">Dans ce cadre, <\/span><b>Meero<\/b><span style=\"font-weight: 400;\"> a ainsi lanc\u00e9 le magazine en ligne<\/span><a href=\"http:\/\/blind-magazine.com\"> <b>Blind<\/b><\/a><span style=\"font-weight: 400;\"> mais aussi la plateforme gratuite <\/span><b>myMeero<\/b><span style=\"font-weight: 400;\"> qui propose une suite d\u2019outils gratuits qui facilite la gestion de l\u2019activit\u00e9 des photographes, des contenus p\u00e9dagogiques, ainsi qu\u2019un espace d\u2019\u00e9change entre professionnels de l\u2019image. <\/span><b>Adeline Anfray<\/b><span style=\"font-weight: 400;\"> reconna\u00eet que \u00ab <\/span><i><span style=\"font-weight: 400;\">l\u2019\u00e9quipe est particuli\u00e8rement fi\u00e8re des documentaires r\u00e9alis\u00e9s par Martin Zarka que nous avons produits et qui disponibles dans l&rsquo;espace<\/span><\/i><a href=\"https:\/\/www.mymeero.com\/fr\/my\/my-academy\/articles\"><i><span style=\"font-weight: 400;\">\u00a0Discovery<\/span><\/i><\/a><i><span style=\"font-weight: 400;\"> de cette plateforme<\/span><\/i><span style=\"font-weight: 400;\"> \u00bb. La derni\u00e8re cr\u00e9ation de la startup :<\/span><a href=\"https:\/\/www.meerodrop.com\/fr\/\"> <b>MeeroDrop<\/b><\/a><span style=\"font-weight: 400;\">,<\/span><span style=\"font-weight: 400;\"> un outil collaboratif de partage de visuels volumineux.<\/span><\/p>\n<p><span style=\"font-weight: 400;\">Par ailleurs, la <\/span><b>Meero Foundation,<\/b><span style=\"font-weight: 400;\"> en cours de lancement, aura pour but de financer et d\u2019accompagner des projets photographiques s\u00e9lectionn\u00e9s en fonction de l\u2019impact et du changement social qu\u2019ils pourront apporter via une combinaison de narration visuelle et de technologies \u00e9mergentes. Un appel \u00e0 projets sera lanc\u00e9 avant l\u2019\u00e9t\u00e9. Photographes, tenez-vous donc pr\u00eats !<\/span><\/p>\n<p><span style=\"font-weight: 400;\">Malgr\u00e9 ce succ\u00e8s florissant, <\/span><b>Meero a toutefois rencontr\u00e9 quelques obstacles<\/b><span style=\"font-weight: 400;\">. La startup a par exemple tent\u00e9 de p\u00e9n\u00e9trer le <\/span><a href=\"https:\/\/fr.textmaster.com\/blog\/implantation-chine-pourquoi-comment\/\"><span style=\"font-weight: 400;\">march\u00e9 chinois<\/span><\/a><span style=\"font-weight: 400;\">, mais apr\u00e8s quelques difficult\u00e9s, il a \u00e9t\u00e9 assez vite d\u00e9cid\u00e9 de ne pas poursuivre dans cette voie : le risque \u00e9tait pr\u00e9sent et connu, il a donc fallu rapidement corriger le tir et fermer le bureau pour <\/span><b>se concentrer sur d\u2019autres territoires plus prometteurs<\/b><span style=\"font-weight: 400;\">. \u00ab <\/span><i><span style=\"font-weight: 400;\">Aujourd\u2019hui, nous souhaitons nous concentrer sur le d\u00e9veloppement de nos 7 bureaux internationaux<\/span><\/i><span style=\"font-weight: 400;\"> \u00bb, affirme Adeline Anfray.<\/span><\/p>\n<p><span style=\"font-weight: 400;\">Selon cette derni\u00e8re, pour <\/span><b>r\u00e9ussir son d\u00e9veloppement \u00e0 l\u2019international<\/b><span style=\"font-weight: 400;\"> il ne faut surtout pas h\u00e9siter \u00e0 tester : \u00ab <\/span><i><span style=\"font-weight: 400;\">lancez-vous dans de nouveaux projets, mais sans trop insister ni s\u2019embourber si ce n\u2019est pas la bonne voie<\/span><\/i><span style=\"font-weight: 400;\"> \u00bb. Un conseil qu\u2019il para\u00eet tr\u00e8s judicieux de suivre !<\/span><\/p>\n<h4><b>L\u2019arriv\u00e9e de Meero dans le programme FrenchTech120<\/b><\/h4>\n<p><span style=\"font-weight: 400;\">Depuis le d\u00e9but du programme, <\/span><b>Meero<\/b><span style=\"font-weight: 400;\"> a pour r\u00e9f\u00e9rent L\u00e9onard Pommereau, Startup Success Manager \u00e0 <\/span><b>La French Tech<\/b><span style=\"font-weight: 400;\">. Ce programme ayant pour but d\u2019accompagner les startups sur des sujets pr\u00e9cis, <\/span><b>Meero<\/b><span style=\"font-weight: 400;\"> aimerait obtenir un accompagnement juridique pour faciliter son<\/span><b> d\u00e9veloppement \u00e0 l\u2019international<\/b><span style=\"font-weight: 400;\">, et de l\u2019aide pour faciliter le <\/span><b>recrutement<\/b><span style=\"font-weight: 400;\"> de profils \u00e9trangers en France ou directement dans ses bureaux \u00e9trangers.<\/span><\/p>\n<h3><b>iAdvize : le fleuron nantais de la strat\u00e9gie conversationnelle<\/b><\/h3>\n<p><a href=\"https:\/\/www.iadvize.com\/fr\/\"><b>iAdvize<\/b><\/a><span style=\"font-weight: 400;\"> est une plateforme conversationnelle qui humanise l\u2019exp\u00e9rience digitale pour plus de 2 000 marques \u00e0 travers <\/span><b>100 pays dans le monde<\/b><span style=\"font-weight: 400;\">. En associant le meilleur de l\u2019humain et l\u2019intelligence artificielle, <\/span><b>iAdvize<\/b><span style=\"font-weight: 400;\"> permet \u00e0 ses clients de d\u00e9ployer une <\/span><b>strat\u00e9gie conversationnelle en ligne<\/b><span style=\"font-weight: 400;\"> \u00e0 grande \u00e9chelle, de fa\u00e7on authentique et rentable. La startup met en relation, par messaging, clients et prospects qui ont besoin de conseils avec des experts disponibles 24\/7. <\/span><b>iAdvize<\/b><span style=\"font-weight: 400;\"> est une plateforme certifi\u00e9e \u00ab\u00a0Gartner Cool Vendor\u00a0\u00bb qui g\u00e9n\u00e8re de la valeur pour des marques telles que Disney, TUI, L&rsquo;Or\u00e9al ou encore Nespresso. En 2019, une \u00e9tude r\u00e9alis\u00e9e par Forrester a prouv\u00e9 qu&rsquo;iAdvize pouvait g\u00e9n\u00e9rer <\/span><b>64 % de ROI<\/b><span style=\"font-weight: 400;\">.<\/span><\/p>\n<p><span style=\"font-weight: 400;\">Suite \u00e0 un entretien avec <\/span><b>Caroline Langer, Head of Marketing Operations de iAdvize<\/b><span style=\"font-weight: 400;\">, nous avons la chance de pouvoir vous en dire un peu plus sur le mod\u00e8le de d\u00e9veloppement d\u2019iAdvize ainsi que les strat\u00e9gies mises en place dans sa <\/span><b>conqu\u00eate de l\u2019international<\/b><span style=\"font-weight: 400;\">.<\/span><\/p>\n<p><span style=\"font-weight: 400;\">iAdvize a d\u2019abord tent\u00e9 une approche de Nantes, en d\u00e9veloppant le marketing et la communication avec des personnes de <\/span><b>culture anglaise, allemande et espagnole<\/b><span style=\"font-weight: 400;\">. \u00ab <\/span><i><span style=\"font-weight: 400;\">Une fois que le march\u00e9 r\u00e9pondait positivement \u00e0 l\u2019offre, nous avons d\u00e9velopp\u00e9 les \u00e9quipes puis ouvert des bureaux sur place<\/span><\/i><span style=\"font-weight: 400;\">\u00a0\u00bb, pr\u00e9cise Caroline Langer.<\/span><\/p>\n<p><span style=\"font-weight: 400;\">Des personnes sp\u00e9cialis\u00e9es dans la communication et le marketing ont ensuite \u00e9t\u00e9 recrut\u00e9es au <\/span><b>Royaume-Uni<\/b><span style=\"font-weight: 400;\"> puis en <\/span><b>Allemagne<\/b><span style=\"font-weight: 400;\">. En 2016, les premi\u00e8res <\/span><b>implantations physiques \u00e0 l\u2019\u00e9tranger<\/b><span style=\"font-weight: 400;\"> ont eu lieu avec l\u2019ouverture de bureaux \u00e0 D\u00fcsseldorf, Londres et enfin Boston en 2017.<\/span><\/p>\n<p><span style=\"font-weight: 400;\">Par la suite, iAdvize s\u2019est ouverte au march\u00e9 am\u00e9ricain. Depuis 2019, un <\/span><b>Country Manager<\/b><span style=\"font-weight: 400;\"> g\u00e8re l\u2019activit\u00e9 dans chacun des pays.<\/span><\/p>\n<p><span style=\"font-weight: 400;\">Pourquoi avoir choisi ces pays pour <\/span><b>s\u2019implanter \u00e0 l\u2019international<\/b><span style=\"font-weight: 400;\"> ? D\u2019apr\u00e8s Caroline Langer, \u00ab <\/span><i><span style=\"font-weight: 400;\">c\u2019\u00e9tait surtout une question d\u2019estimation de la rentabilit\u00e9 et de l\u2019apport de ces pays \u00e0 iAdvize selon le service que nous proposons<\/span><\/i><span style=\"font-weight: 400;\"> \u00bb.<\/span><\/p>\n<p><span style=\"font-weight: 400;\">Les march\u00e9s de l\u2019<\/span><b>e-commerce<\/b><span style=\"font-weight: 400;\"> fran\u00e7ais, allemand et britannique sont les plus importants en Europe, il \u00e9tait donc logique de s\u2019y implanter. Pourquoi avoir \u00e9galement choisi les \u00c9tats-Unis ? \u00ab <\/span><i><span style=\"font-weight: 400;\">Tout simplement car c\u2019est un march\u00e9 avec beaucoup de potentiel de par sa taille et son ADN business customer-centric<\/span><\/i><span style=\"font-weight: 400;\"> \u00bb. L\u2019<\/span><b>exp\u00e9rience client<\/b><span style=\"font-weight: 400;\"> est en effet consid\u00e9r\u00e9e comme strat\u00e9gique par les marques am\u00e9ricaines, alors que ce n\u2019est pas encore le cas pour la plupart des marques europ\u00e9ennes.<\/span><\/p>\n<h4><b>L\u2019arriv\u00e9e de iAdvize dans le programme FrenchTech120<\/b><\/h4>\n<p><span style=\"font-weight: 400;\">En ce qui concerne les \u00e9volutions et changements depuis la nomination d\u2019iAdvize au programme <\/span><b>FrenchTech120 \/ Next40<\/b><span style=\"font-weight: 400;\">, ce n\u2019est que du positif : les nombreuses retomb\u00e9es presse du programme ont notamment permis \u00e0 iAdvize de gagner consid\u00e9rablement en notori\u00e9t\u00e9.<\/span><\/p>\n<p><b>iAdvize<\/b><span style=\"font-weight: 400;\"> est une startup avec une grande ambition international : \u00ab <\/span><i><span style=\"font-weight: 400;\">l\u2019un de nos buts principaux est de d\u00e9velopper au maximum les march\u00e9s actuels, avec un focus sur le march\u00e9 US<\/span><\/i><span style=\"font-weight: 400;\"> \u00bb, conclut Caroline Langer.<\/span><\/p>\n<p><span style=\"font-weight: 400;\">Pour elle, <\/span><b>l\u2019international est accessible \u00e0 beaucoup<\/b><span style=\"font-weight: 400;\"> \u00e0 condition de \u00ab <\/span><i><span style=\"font-weight: 400;\">s\u2019entourer de personnes connaissant le pays\/march\u00e9 cible pour adapter son approche sur place<\/span><\/i><span style=\"font-weight: 400;\"> \u00bb.\u00a0<\/span><\/p>\n<p><span style=\"font-weight: 400;\">Alors qu\u2019attendez-vous pour vous lancer ?<\/span><\/p>\n<p><i><span style=\"font-weight: 400;\">Un grand merci \u00e0 Adeline Anfray &amp; Caroline Langer pour leur t\u00e9moignage passionnant qui, nous n\u2019en doutons pas, incitera plus d\u2019un entrepreneur \u00e0 sauter le pas de l\u2019internationalisation !<\/span><\/i><\/p>\n<p>&nbsp;<\/p>\n<p><!--HubSpot Call-to-Action Code --><span id=\"hs-cta-wrapper-5799e19c-dc42-413b-9ecf-b624338fbc63\" class=\"hs-cta-wrapper\"><span id=\"hs-cta-5799e19c-dc42-413b-9ecf-b624338fbc63\" class=\"hs-cta-node hs-cta-5799e19c-dc42-413b-9ecf-b624338fbc63\"><!-- [if lte IE 8]>\n\n\n<div id=\"hs-cta-ie-element\"><\/div>\n\n\n<![endif]--><a href=\"https:\/\/cta-redirect.hubspot.com\/cta\/redirect\/2680086\/5799e19c-dc42-413b-9ecf-b624338fbc63\" target=\"_blank\" rel=\"noopener\"><img loading=\"lazy\" decoding=\"async\" id=\"hs-cta-img-5799e19c-dc42-413b-9ecf-b624338fbc63\" class=\"hs-cta-img\" style=\"border-width: 0px;\" src=\"https:\/\/no-cache.hubspot.com\/cta\/default\/2680086\/5799e19c-dc42-413b-9ecf-b624338fbc63.png\" alt=\"International Stories : 8 t\u00e9moignages pour d\u00e9couvrir les secrets de la r\u00e9ussite \u00e0 l'international\" width=\"750\" height=\"200\" \/><\/a><\/span><script charset=\"utf-8\" src=\"https:\/\/js.hscta.net\/cta\/current.js\"><\/script><script type=\"text\/javascript\"> hbspt.cta.load(2680086, '5799e19c-dc42-413b-9ecf-b624338fbc63', {}); <\/script><\/span><!-- end HubSpot Call-to-Action Code --><\/p>\n","protected":false},"excerpt":{"rendered":"<p><span style=\"font-weight: 400;\">La French Tech, c\u2019est <\/span>l\u2019\u00e9cosyst\u00e8me des startups fran\u00e7aises<span style=\"font-weight: 400;\"> port\u00e9e par le <\/span>Minist\u00e8re de l\u2019\u00c9conomie<span style=\"font-weight: 400;\">. Elle d\u00e9signe toutes les startups fran\u00e7aises et celles et ceux qui y travaillent, que ce soit en France ou \u00e0 l\u2019\u00e9tranger. On y retrouve ainsi <\/span>des entrepreneurs, <span style=\"font-weight: 400;\">mais \u00e9galement<\/span> des investisseurs, d\u00e9veloppeurs, associations, ing\u00e9nieurs, instituts de recherche<span style=\"font-weight: 400;\">\u2026 dont le but est de <\/span>s\u2019engager pour la croissance<span style=\"font-weight: 400;\"> des startups mais aussi de les aider \u00e0 [&#8230;]<\/p>\n","protected":false},"author":22,"featured_media":3872,"comment_status":"open","ping_status":"open","sticky":false,"template":"","format":"standard","meta":{"footnotes":""},"categories":[7,13],"tags":[],"_links":{"self":[{"href":"https:\/\/fr.textmaster.com\/blog\/wp-json\/wp\/v2\/posts\/3871"}],"collection":[{"href":"https:\/\/fr.textmaster.com\/blog\/wp-json\/wp\/v2\/posts"}],"about":[{"href":"https:\/\/fr.textmaster.com\/blog\/wp-json\/wp\/v2\/types\/post"}],"author":[{"embeddable":true,"href":"https:\/\/fr.textmaster.com\/blog\/wp-json\/wp\/v2\/users\/22"}],"replies":[{"embeddable":true,"href":"https:\/\/fr.textmaster.com\/blog\/wp-json\/wp\/v2\/comments?post=3871"}],"version-history":[{"count":6,"href":"https:\/\/fr.textmaster.com\/blog\/wp-json\/wp\/v2\/posts\/3871\/revisions"}],"predecessor-version":[{"id":3878,"href":"https:\/\/fr.textmaster.com\/blog\/wp-json\/wp\/v2\/posts\/3871\/revisions\/3878"}],"wp:featuredmedia":[{"embeddable":true,"href":"https:\/\/fr.textmaster.com\/blog\/wp-json\/wp\/v2\/media\/3872"}],"wp:attachment":[{"href":"https:\/\/fr.textmaster.com\/blog\/wp-json\/wp\/v2\/media?parent=3871"}],"wp:term":[{"taxonomy":"category","embeddable":true,"href":"https:\/\/fr.textmaster.com\/blog\/wp-json\/wp\/v2\/categories?post=3871"},{"taxonomy":"post_tag","embeddable":true,"href":"https:\/\/fr.textmaster.com\/blog\/wp-json\/wp\/v2\/tags?post=3871"}],"curies":[{"name":"wp","href":"https:\/\/api.w.org\/{rel}","templated":true}]}}