{"id":3565,"date":"2019-09-13T09:22:46","date_gmt":"2019-09-13T07:22:46","guid":{"rendered":"https:\/\/www.textmaster.com\/blog\/?p=3565"},"modified":"2019-09-24T18:56:32","modified_gmt":"2019-09-24T16:56:32","slug":"paris-retail-week-2019","status":"publish","type":"post","link":"https:\/\/fr.textmaster.com\/blog\/paris-retail-week-2019\/","title":{"rendered":"Paris Retail Week 2019 : la \u00ab nouvelle exp\u00e9rience business \u00bb"},"content":{"rendered":"<p><strong>Paris Retail Week<\/strong>\u00a0revient du 24 au 26 septembre \u00e0 Paris Porte de Versailles (Pavillon 7.2), et a de grands projets pour sa 5e \u00e9dition. La th\u00e9matique de cette ann\u00e9e, la <strong>\u201cnouvelle exp\u00e9rience business\u00a0\u201d<\/strong>, vise \u00e0 vous faire d\u00e9couvrir toutes les nouveaut\u00e9s du <strong>commerce connect\u00e9<\/strong>. Un beau programme rythm\u00e9 par de nombreuses conf\u00e9rences &amp; keynotes \u00e0 suivre !<\/p>\n<h2><strong>Paris Retail Week : l\u2019\u00e9v\u00e9nement incontournable pour les professionnels du retail<\/strong><\/h2>\n<p>Plus grand salon europ\u00e9en d\u00e9di\u00e9 au commerce connect\u00e9, Paris Retail Week r\u00e9unira plus de 25 000 professionnels. Cet \u00e9v\u00e9nement s\u2019impose comme le rendez-vous majeur pour les commer\u00e7ants et e-commer\u00e7ants. Pas moins de 1000 Business Meetings sont planifi\u00e9s pour rencontrer des porteurs de projets qualifi\u00e9s, et 600 soci\u00e9t\u00e9s sont \u00e9galement attendues et r\u00e9parties en 6 grandes cat\u00e9gories :<\/p>\n<ul>\n<li>IT for commerce<\/li>\n<li>Solutions de paiement<\/li>\n<li>Marketing\/ data et relation client (o\u00f9 vous pourrez retrouver <a href=\"https:\/\/fr.textmaster.com\/\"><strong>TextMaster<\/strong><\/a> !)<\/li>\n<li>Retail tech et digital in store<\/li>\n<li>Logistique\/e-logistique et supply chain<\/li>\n<li>Agencement\/\u00e9quipement et marketing PLV.<\/li>\n<\/ul>\n<p>De quoi trouver satisfaction pour d\u00e9couvrir ce \u00e0 quoi ressemblera la \u201cnouvelle exp\u00e9rience business\u201d de demain !<\/p>\n<h2>TextMaster au salon Paris Retail Week<\/h2>\n<p>Comme chaque ann\u00e9e, notre \u00e9quipe sera pr\u00e9sente \u00e0\u00a0<strong>Paris Retail Week<\/strong>\u00a0au stand C070 (Hall 7.2), pour \u00e9changer avec vous sur vos projets d\u2019<strong>expansion internationale<\/strong>\u00a0et r\u00e9pondre \u00e0 vos questions sur la\u00a0<strong>traduction<\/strong>.<\/p>\n<hr \/>\n<p><strong><a href=\"https:\/\/go.textmaster.com\/lp-fr-event-paris-retail-week-2019-rdv?utm_source=blog&amp;utm_medium=referral\">Rencontrez notre \u00e9quipe au salon Paris Retail Week\u00a0!<\/a>\u00a0<\/strong><\/p>\n<hr \/>\n<h2>Des conf\u00e9rences ax\u00e9es sur le d\u00e9veloppement international<\/h2>\n<p>Pour satisfaire tout le monde,\u00a0<strong>Paris Retail Week<\/strong>\u00a0propose \u00e9galement un programme constitu\u00e9 de 200 conf\u00e9rences &amp; d\u2019ateliers tr\u00e8s dense, avec de nombreux intervenants de qualit\u00e9. Si vous avez un peu de temps, nous vous recommandons 3 temps forts (entre autres !) qui seront sans nul doute passionnants.<\/p>\n<h3><strong>Pl\u00e9ni\u00e8re d\u2019ouverture : \u201cRetail Place au moment de v\u00e9rit\u00e9\u201d<\/strong><\/h3>\n<p>Arnaud Gallet, directeur de <strong>Paris Retail Week<\/strong>, ouvrira le bal aux c\u00f4t\u00e9s de David Mingeon, directeur g\u00e9n\u00e9ral adjoint d\u2019Havas Paris et d\u2019autres directeurs g\u00e9n\u00e9raux et CEO. Cette pl\u00e9ni\u00e8re d\u2019ouverture sera l\u2019occasion de d\u00e9couvrir les r\u00e9sultats de l\u2019\u00e9tude annuelle\u00a0<strong>Shopper Observer<\/strong>\u00a0d\u2019Havas Paris, qui r\u00e9v\u00e8lera des faits &amp; chiffres importants sur les comportements consommateurs auxquels s\u2019attendre d\u00e8s 2020. Elle vous permettra aussi de comprendre l\u2019importance d\u2019avoir, et de mettre en avant sa boutique physique.<\/p>\n<h3><strong>Keynote Hema :\u00a0<\/strong><strong>\u00ab D&rsquo;un retailer n\u00e9erlandais \u00e0 une marque lifestyle con\u00e7ue \u00e0 Amsterdam\u00a0<\/strong><strong>\u00bb<\/strong><\/h3>\n<p><strong>Hema<\/strong>, l&rsquo;enseigne sp\u00e9cialis\u00e9e dans les articles pour la maison \u00e0 bas prix n&rsquo;aura plus de secret pour vous. ! Pour toute marque lifestyle,\u00a0cette keynote semble tout simplement immanquable : ne ratez pas les pr\u00e9cieux conseils de Olivier Blom, International Wholesale Director de <strong>Hema<\/strong>.<\/p>\n<h3><strong>Pl\u00e9ni\u00e8re de cl\u00f4ture\u00a0: \u00ab\u00a0USA, Europe, Asie\u00a0: world retail trends\u00a0\u00bb<\/strong><\/h3>\n<p>Quoi de mieux pour cl\u00f4turer la 5<sup>e<\/sup> \u00e9dition de <strong>Paris Retail Week<\/strong> qu\u2019une conf\u00e9rence sur l\u2019<strong>avenir du retail<\/strong> \u00e0 travers le monde ? Anim\u00e9e par Laetitia Faure, cette pl\u00e9ni\u00e8re de cl\u00f4ture vous apprendra tout des tendances \u00e0 retenir et des concepts \u00e0 appliquer \u00e0 votre propre business.<\/p>\n<p>Si vous avez des questions sur le <strong>d\u00e9veloppement international, le e-commerce cross-border ou la traduction,\u00a0prenez rendez-vous avec notre \u00e9quipe d\u2019experts\u00a0!<\/strong><\/p>\n<p><!--HubSpot Call-to-Action Code --><span id=\"hs-cta-wrapper-0c94fe97-9048-4c29-89fd-76b9ec82c3b2\" class=\"hs-cta-wrapper\"><span id=\"hs-cta-0c94fe97-9048-4c29-89fd-76b9ec82c3b2\" class=\"hs-cta-node hs-cta-0c94fe97-9048-4c29-89fd-76b9ec82c3b2\"><!-- [if lte IE 8]>\n\n\n<div id=\"hs-cta-ie-element\"><\/div>\n\n\n<![endif]--><a href=\"https:\/\/cta-redirect.hubspot.com\/cta\/redirect\/2680086\/0c94fe97-9048-4c29-89fd-76b9ec82c3b2\"><img loading=\"lazy\" decoding=\"async\" id=\"hs-cta-img-0c94fe97-9048-4c29-89fd-76b9ec82c3b2\" class=\"hs-cta-img\" style=\"border-width: 0px;\" src=\"https:\/\/no-cache.hubspot.com\/cta\/default\/2680086\/0c94fe97-9048-4c29-89fd-76b9ec82c3b2.png\" alt=\"TextMaster \u00e0 la Paris Retail Week 2019\" width=\"750\" height=\"200\" \/><\/a><\/span><script charset=\"utf-8\" src=\"https:\/\/js.hscta.net\/cta\/current.js\"><\/script><script type=\"text\/javascript\"> hbspt.cta.load(2680086, '0c94fe97-9048-4c29-89fd-76b9ec82c3b2', {}); <\/script><\/span><!-- end HubSpot Call-to-Action Code --><\/p>\n","protected":false},"excerpt":{"rendered":"<p><strong>Paris Retail Week<\/strong>\u00a0revient du 24 au 26 septembre \u00e0 Paris Porte de Versailles (Pavillon 7.2), et a de grands projets pour sa 5e \u00e9dition. La th\u00e9matique de cette ann\u00e9e, la <strong>\u201cnouvelle exp\u00e9rience business\u00a0\u201d<\/strong>, vise \u00e0 vous faire d\u00e9couvrir toutes les nouveaut\u00e9s du <strong>commerce connect\u00e9<\/strong>. Un beau programme rythm\u00e9 par de nombreuses conf\u00e9rences &amp; keynotes \u00e0 suivre !<\/p>\n<h2><strong>Paris Retail Week : l\u2019\u00e9v\u00e9nement incontournable pour les professionnels du retail<\/strong><\/h2>\n<p>Plus grand salon europ\u00e9en d\u00e9di\u00e9 au commerce connect\u00e9, Paris Retail Week r\u00e9unira plus de [&#8230;]<\/p>\n","protected":false},"author":22,"featured_media":3621,"comment_status":"open","ping_status":"open","sticky":false,"template":"","format":"standard","meta":{"footnotes":""},"categories":[14],"tags":[],"_links":{"self":[{"href":"https:\/\/fr.textmaster.com\/blog\/wp-json\/wp\/v2\/posts\/3565"}],"collection":[{"href":"https:\/\/fr.textmaster.com\/blog\/wp-json\/wp\/v2\/posts"}],"about":[{"href":"https:\/\/fr.textmaster.com\/blog\/wp-json\/wp\/v2\/types\/post"}],"author":[{"embeddable":true,"href":"https:\/\/fr.textmaster.com\/blog\/wp-json\/wp\/v2\/users\/22"}],"replies":[{"embeddable":true,"href":"https:\/\/fr.textmaster.com\/blog\/wp-json\/wp\/v2\/comments?post=3565"}],"version-history":[{"count":7,"href":"https:\/\/fr.textmaster.com\/blog\/wp-json\/wp\/v2\/posts\/3565\/revisions"}],"predecessor-version":[{"id":3622,"href":"https:\/\/fr.textmaster.com\/blog\/wp-json\/wp\/v2\/posts\/3565\/revisions\/3622"}],"wp:featuredmedia":[{"embeddable":true,"href":"https:\/\/fr.textmaster.com\/blog\/wp-json\/wp\/v2\/media\/3621"}],"wp:attachment":[{"href":"https:\/\/fr.textmaster.com\/blog\/wp-json\/wp\/v2\/media?parent=3565"}],"wp:term":[{"taxonomy":"category","embeddable":true,"href":"https:\/\/fr.textmaster.com\/blog\/wp-json\/wp\/v2\/categories?post=3565"},{"taxonomy":"post_tag","embeddable":true,"href":"https:\/\/fr.textmaster.com\/blog\/wp-json\/wp\/v2\/tags?post=3565"}],"curies":[{"name":"wp","href":"https:\/\/api.w.org\/{rel}","templated":true}]}}